{"id":10241,"date":"2020-12-15T15:09:00","date_gmt":"2020-12-15T20:09:00","guid":{"rendered":"https:\/\/www.procolor.com\/uncategorized-es-us\/fix-network-world-appoints-vice-president-of-sales-for-the-united-states\/"},"modified":"2021-06-09T00:57:19","modified_gmt":"2021-06-09T04:57:19","slug":"fix-network-world-nombra-al-vicepresidente-de-ventas-para-estados-unidos","status":"publish","type":"post","link":"https:\/\/www.procolor.com\/es-us\/prensa\/fix-network-world-nombra-al-vicepresidente-de-ventas-para-estados-unidos\/","title":{"rendered":"Fix Network World nombra al Vicepresidente de Ventas para Estados Unidos"},"content":{"rendered":"\t\t<div data-elementor-type=\"wp-post\" data-elementor-id=\"10241\" class=\"elementor elementor-10241 elementor-3786\" data-elementor-settings=\"[]\">\n\t\t\t\t\t\t<div class=\"elementor-inner\">\n\t\t\t\t\t\t\t<div class=\"elementor-section-wrap\">\n\t\t\t\t\t\t\t<section class=\"elementor-section elementor-top-section elementor-element elementor-element-c4d71b9 elementor-section-boxed elementor-section-height-default elementor-section-height-default\" data-id=\"c4d71b9\" data-element_type=\"section\">\n\t\t\t\t\t\t<div class=\"elementor-container elementor-column-gap-default\">\n\t\t\t\t\t\t\t<div class=\"elementor-row\">\n\t\t\t\t\t<div class=\"elementor-column elementor-col-100 elementor-top-column elementor-element elementor-element-4645afc\" data-id=\"4645afc\" data-element_type=\"column\">\n\t\t\t<div class=\"elementor-column-wrap elementor-element-populated\">\n\t\t\t\t\t\t\t<div class=\"elementor-widget-wrap\">\n\t\t\t\t\t\t<div class=\"elementor-element elementor-element-76ad0dc elementor-widget elementor-widget-text-editor\" data-id=\"76ad0dc\" data-element_type=\"widget\" data-widget_type=\"text-editor.default\">\n\t\t\t\t<div class=\"elementor-widget-container\">\n\t\t\t\t\t\t\t\t<div class=\"elementor-text-editor elementor-clearfix\">\n\t\t\t\t<p><strong>ST. PAUL, MN, 15 de diciembre de 2020<\/strong> \u2013 Mondofix Inc. (Fix Network World), la red global l\u00edder en servicios posventa del autom\u00f3vil, ha nombrado a Scott Bridges como Vicepresidente de Ventas para su negocio nacional de colisiones y vidrios en los Estados Unidos.<\/p><p>En este puesto de nueva creaci\u00f3n, Scott ser\u00e1 responsable de mantener las relaciones de Fix Network con los principales socios de seguros y compa\u00f1\u00edas de flotas. Se centrar\u00e1 en establecer las estrategias de ventas y la direcci\u00f3n de los negocios de ProColor Collision y NOVUS Glass de la red, as\u00ed como de Trans North America Glass Network (TAG Network), que es un administrador externo de reclamaciones de vidrios de autom\u00f3viles.\u00a0<\/p><p>La red lanz\u00f3 recientemente su marca ProColor Collision en los Estados Unidos y tambi\u00e9n ha visto un s\u00f3lido crecimiento de sus negocios NOVUS Glass y Speedy Glass a nivel nacional. A medida que m\u00e1s compa\u00f1\u00edas comienzan a ofrecer una cobertura integral para la reparaci\u00f3n de parabrisas, se han creado oportunidades para que Fix Network posicione su negocio de colisiones y vidrios como una oferta integrada para los programas de reclamaciones de seguros.<\/p><p>Steve Leal, Presidente y Director General de Fix Network World dijo: \u201cA medida que ampliamos nuestro negocio en los Estados Unidos, es importante contar con el equipo adecuado para demostrar el valor de una red a nuestros franquiciados y socios de seguros. La extensa experiencia de Scott en el sector, tanto en estrategias de ventas como en crecimiento y retenci\u00f3n de franquicias, lo convierte en el candidato ideal para este puesto\u201d.<\/p><p>Scott se incorpora a Fix Network desde Hertz, donde pas\u00f3 m\u00e1s de 20 a\u00f1os, m\u00e1s recientemente como Vicepresidente de Operaciones de Franquicia para las Am\u00e9ricas. En este puesto, dirigi\u00f3 las operaciones de franquicia en toda Am\u00e9rica del Norte y del Sur, aportando apoyo y valor a\u00f1adido a los negocios de sus socios de franquicia. Ha sido reconocido con el Premio de Liderazgo Global y el Premio de Logro Global de Hertz. Ha logrado en cuatro ocasiones la categor\u00eda de President&#8217;s Circle.<\/p><p>\u201cDisfruto creando asociaciones y trabajando con mis clientes para encontrar formas de a\u00f1adir valor a su negocio y ayudarles a alcanzar sus objetivos, \u2014dijo Scott Bridges\u2014. Estoy emocionado de incorporarme a Fix Network en un momento en el que su crecimiento es r\u00e1pido en toda Am\u00e9rica del Norte y a nivel mundial, ya que me dar\u00e1 la oportunidad de crecer profesionalmente y contribuir al \u00e9xito de la red\u201d.<\/p><p>Adem\u00e1s de sus logros profesionales, Scott tambi\u00e9n ha sido miembro de la junta directiva del <em>National Auto Body Council<\/em> y tesorero del consejo de administraci\u00f3n de la <em>Collision Repair Education Foundation<\/em>.<\/p>\t\t\t\t\t<\/div>\n\t\t\t\t\t\t<\/div>\n\t\t\t\t<\/div>\n\t\t\t\t\t\t<\/div>\n\t\t\t\t\t<\/div>\n\t\t<\/div>\n\t\t\t\t\t\t\t\t<\/div>\n\t\t\t\t\t<\/div>\n\t\t<\/section>\n\t\t\t\t<section class=\"elementor-section elementor-top-section elementor-element elementor-element-4d9e9916 elementor-section-boxed elementor-section-height-default elementor-section-height-default\" data-id=\"4d9e9916\" data-element_type=\"section\">\n\t\t\t\t\t\t<div class=\"elementor-container elementor-column-gap-default\">\n\t\t\t\t\t\t\t<div class=\"elementor-row\">\n\t\t\t\t\t<div class=\"elementor-column elementor-col-100 elementor-top-column elementor-element elementor-element-5ae644e0\" data-id=\"5ae644e0\" data-element_type=\"column\">\n\t\t\t<div class=\"elementor-column-wrap elementor-element-populated\">\n\t\t\t\t\t\t\t<div class=\"elementor-widget-wrap\">\n\t\t\t\t\t\t<div class=\"elementor-element elementor-element-66318ec elementor-widget elementor-widget-heading\" data-id=\"66318ec\" data-element_type=\"widget\" data-widget_type=\"heading.default\">\n\t\t\t\t<div class=\"elementor-widget-container\">\n\t\t\t<h3 class=\"elementor-heading-title elementor-size-default\">ACERCA DE FIX NETWORK WORLD<\/h3>\t\t<\/div>\n\t\t\t\t<\/div>\n\t\t\t\t<div class=\"elementor-element elementor-element-5ec6ea5 elementor-widget elementor-widget-global elementor-global-9364 elementor-global-4226 elementor-widget-text-editor\" data-id=\"5ec6ea5\" data-element_type=\"widget\" data-widget_type=\"text-editor.default\">\n\t\t\t\t<div class=\"elementor-widget-container\">\n\t\t\t\t\t\t\t\t<div class=\"elementor-text-editor elementor-clearfix\">\n\t\t\t\t<p>Fix Network es un l\u00edder mundial en el sector de los servicios posventa del autom\u00f3vil, que consta de las marcas Fix Auto, NOVUS Glass, ProColor Collision, Speedy Auto Service y SRP.\u00a0Nuestros centros de reparaci\u00f3n de colisiones, vidrios y mec\u00e1nica, de propiedad y operaci\u00f3n local, ofrecen atenci\u00f3n y servicios sin complicaciones para veh\u00edculos. Nuestra empresa y nuestra red siguen creciendo a nivel nacional y mundial, gracias a unos s\u00f3lidos cimientos basados en el esp\u00edritu emprendedor y la innovaci\u00f3n.\u00a0Con m\u00e1s de 2000 puntos de servicio en todo el mundo, Fix Network es la principal soluci\u00f3n global de servicios posventa del autom\u00f3vil. Para obtener m\u00e1s informaci\u00f3n, visite <a href=\"http:\/\/fixnetwork.com\" target=\"_blank\" rel=\"noopener\">www.fixnetwork.com.<\/a><\/p>\t\t\t\t\t<\/div>\n\t\t\t\t\t\t<\/div>\n\t\t\t\t<\/div>\n\t\t\t\t\t\t<\/div>\n\t\t\t\t\t<\/div>\n\t\t<\/div>\n\t\t\t\t\t\t\t\t<\/div>\n\t\t\t\t\t<\/div>\n\t\t<\/section>\n\t\t\t\t<section class=\"elementor-section elementor-top-section elementor-element elementor-element-3b041adf elementor-section-boxed elementor-section-height-default elementor-section-height-default\" data-id=\"3b041adf\" data-element_type=\"section\">\n\t\t\t\t\t\t<div class=\"elementor-container elementor-column-gap-default\">\n\t\t\t\t\t\t\t<div class=\"elementor-row\">\n\t\t\t\t\t<div class=\"elementor-column elementor-col-100 elementor-top-column elementor-element elementor-element-66d7f13c\" data-id=\"66d7f13c\" data-element_type=\"column\" data-settings=\"{&quot;background_background&quot;:&quot;classic&quot;}\">\n\t\t\t<div class=\"elementor-column-wrap elementor-element-populated\">\n\t\t\t\t\t\t\t<div class=\"elementor-widget-wrap\">\n\t\t\t\t\t\t<div class=\"elementor-element elementor-element-28fbdac9 elementor-widget elementor-widget-heading\" data-id=\"28fbdac9\" data-element_type=\"widget\" data-widget_type=\"heading.default\">\n\t\t\t\t<div class=\"elementor-widget-container\">\n\t\t\t<h3 class=\"elementor-heading-title elementor-size-default\">CONTACTO CON LOS MEDIOS DE COMUNICACI\u00d3N<\/h3>\t\t<\/div>\n\t\t\t\t<\/div>\n\t\t\t\t<div class=\"elementor-element elementor-element-f3c9d2d elementor-widget elementor-widget-global elementor-global-9332 elementor-widget-text-editor\" data-id=\"f3c9d2d\" data-element_type=\"widget\" data-widget_type=\"text-editor.default\">\n\t\t\t\t<div class=\"elementor-widget-container\">\n\t\t\t\t\t\t\t\t<div class=\"elementor-text-editor elementor-clearfix\">\n\t\t\t\t<p>Wendi MacKay<br \/>Directora de Comunicaciones Globales<br \/>Fix Network World<br \/><a href=\"mailto:wmackay@fixnetwork.com\">wmackay@fixnetwork.com<\/a><\/p>\t\t\t\t\t<\/div>\n\t\t\t\t\t\t<\/div>\n\t\t\t\t<\/div>\n\t\t\t\t\t\t<\/div>\n\t\t\t\t\t<\/div>\n\t\t<\/div>\n\t\t\t\t\t\t\t\t<\/div>\n\t\t\t\t\t<\/div>\n\t\t<\/section>\n\t\t\t\t<section class=\"elementor-section elementor-top-section elementor-element elementor-element-6da44893 elementor-section-boxed elementor-section-height-default elementor-section-height-default\" data-id=\"6da44893\" data-element_type=\"section\">\n\t\t\t\t\t\t<div class=\"elementor-container elementor-column-gap-default\">\n\t\t\t\t\t\t\t<div class=\"elementor-row\">\n\t\t\t\t\t<div class=\"elementor-column elementor-col-100 elementor-top-column elementor-element elementor-element-5477cf83\" data-id=\"5477cf83\" data-element_type=\"column\">\n\t\t\t<div class=\"elementor-column-wrap elementor-element-populated\">\n\t\t\t\t\t\t\t<div class=\"elementor-widget-wrap\">\n\t\t\t\t\t\t<div class=\"elementor-element elementor-element-67729f88 elementor-widget elementor-widget-spacer\" data-id=\"67729f88\" data-element_type=\"widget\" data-widget_type=\"spacer.default\">\n\t\t\t\t<div class=\"elementor-widget-container\">\n\t\t\t\t\t<div class=\"elementor-spacer\">\n\t\t\t<div class=\"elementor-spacer-inner\"><\/div>\n\t\t<\/div>\n\t\t\t\t<\/div>\n\t\t\t\t<\/div>\n\t\t\t\t\t\t<\/div>\n\t\t\t\t\t<\/div>\n\t\t<\/div>\n\t\t\t\t\t\t\t\t<\/div>\n\t\t\t\t\t<\/div>\n\t\t<\/section>\n\t\t\t\t\t\t<\/div>\n\t\t\t\t\t\t<\/div>\n\t\t\t\t\t<\/div>\n\t\t","protected":false},"excerpt":{"rendered":"<p>El ex ejecutivo de Hertz, Scott Bridges, dirigir\u00e1 las estrategias de ventas y las relaciones con las compa\u00f1\u00edas de seguros para la red a nivel nacional.<\/p>\n","protected":false},"author":12,"featured_media":10242,"comment_status":"closed","ping_status":"closed","sticky":false,"template":"","format":"standard","meta":{"footnotes":""},"categories":[150],"tags":[],"class_list":["post-10241","post","type-post","status-publish","format-standard","has-post-thumbnail","hentry","category-prensa"],"yoast_head":"<!-- This site is optimized with the Yoast SEO plugin v25.5 - https:\/\/yoast.com\/wordpress\/plugins\/seo\/ -->\n<title>Fix Network World nombra al Vicepresidente de Ventas para Estados Unidos &#8211; ProColor Collision<\/title>\n<meta name=\"description\" content=\"El ex ejecutivo de Hertz, Scott Bridges, dirigir\u00e1 las estrategias de ventas y las relaciones con las compa\u00f1\u00edas de seguros para la red a nivel nacional.\" \/>\n<meta name=\"robots\" content=\"index, follow, max-snippet:-1, max-image-preview:large, max-video-preview:-1\" \/>\n<link rel=\"canonical\" href=\"https:\/\/www.procolor.com\/es-us\/prensa\/fix-network-world-nombra-al-vicepresidente-de-ventas-para-estados-unidos\/\" \/>\n<meta property=\"og:locale\" content=\"es_ES\" \/>\n<meta property=\"og:type\" content=\"article\" \/>\n<meta property=\"og:title\" content=\"Fix Network World nombra al Vicepresidente de Ventas para Estados Unidos &#8211; ProColor Collision\" \/>\n<meta property=\"og:description\" content=\"El ex ejecutivo de Hertz, Scott Bridges, dirigir\u00e1 las estrategias de ventas y las relaciones con las compa\u00f1\u00edas de seguros para la red a nivel nacional.\" \/>\n<meta property=\"og:url\" content=\"https:\/\/www.procolor.com\/es-us\/prensa\/fix-network-world-nombra-al-vicepresidente-de-ventas-para-estados-unidos\/\" \/>\n<meta property=\"og:site_name\" content=\"ProColor Collision\" \/>\n<meta property=\"article:publisher\" content=\"https:\/\/www.facebook.com\/ProColorCollisionUSA\/\" \/>\n<meta property=\"article:published_time\" content=\"2020-12-15T20:09:00+00:00\" \/>\n<meta property=\"article:modified_time\" content=\"2021-06-09T04:57:19+00:00\" \/>\n<meta property=\"og:image\" content=\"https:\/\/www.procolor.com\/wp-content\/uploads\/2021\/01\/Scott-Bridges-headshot.jpg\" \/>\n\t<meta property=\"og:image:width\" content=\"263\" \/>\n\t<meta property=\"og:image:height\" content=\"317\" \/>\n\t<meta property=\"og:image:type\" content=\"image\/jpeg\" \/>\n<meta name=\"author\" content=\"ProColor Collision\" \/>\n<meta name=\"twitter:card\" content=\"summary_large_image\" \/>\n<meta name=\"twitter:creator\" content=\"@ProColorC\" \/>\n<meta name=\"twitter:site\" content=\"@ProColorC\" \/>\n<meta name=\"twitter:label1\" content=\"Written by\" \/>\n\t<meta name=\"twitter:data1\" content=\"ProColor Collision\" \/>\n\t<meta name=\"twitter:label2\" content=\"Est. reading time\" \/>\n\t<meta name=\"twitter:data2\" content=\"3 minutes\" \/>\n<script type=\"application\/ld+json\" class=\"yoast-schema-graph\">{\"@context\":\"https:\/\/schema.org\",\"@graph\":[{\"@type\":\"Article\",\"@id\":\"https:\/\/www.procolor.com\/es-us\/prensa\/fix-network-world-nombra-al-vicepresidente-de-ventas-para-estados-unidos\/#article\",\"isPartOf\":{\"@id\":\"https:\/\/www.procolor.com\/es-us\/prensa\/fix-network-world-nombra-al-vicepresidente-de-ventas-para-estados-unidos\/\"},\"author\":{\"name\":\"ProColor Collision\",\"@id\":\"https:\/\/www.procolor.com\/es-us\/#\/schema\/person\/92521f7df1fdb712bb7fb59dfeb99838\"},\"headline\":\"Fix Network World nombra al Vicepresidente de Ventas para Estados Unidos\",\"datePublished\":\"2020-12-15T20:09:00+00:00\",\"dateModified\":\"2021-06-09T04:57:19+00:00\",\"mainEntityOfPage\":{\"@id\":\"https:\/\/www.procolor.com\/es-us\/prensa\/fix-network-world-nombra-al-vicepresidente-de-ventas-para-estados-unidos\/\"},\"wordCount\":615,\"publisher\":{\"@id\":\"https:\/\/www.procolor.com\/es-us\/#organization\"},\"image\":{\"@id\":\"https:\/\/www.procolor.com\/es-us\/prensa\/fix-network-world-nombra-al-vicepresidente-de-ventas-para-estados-unidos\/#primaryimage\"},\"thumbnailUrl\":\"https:\/\/www.procolor.com\/wp-content\/uploads\/2021\/01\/Scott-Bridges-headshot.jpg\",\"articleSection\":[\"Comunicados de prensa\"],\"inLanguage\":\"es-US\"},{\"@type\":\"WebPage\",\"@id\":\"https:\/\/www.procolor.com\/es-us\/prensa\/fix-network-world-nombra-al-vicepresidente-de-ventas-para-estados-unidos\/\",\"url\":\"https:\/\/www.procolor.com\/es-us\/prensa\/fix-network-world-nombra-al-vicepresidente-de-ventas-para-estados-unidos\/\",\"name\":\"Fix Network World nombra al Vicepresidente de Ventas para Estados Unidos &#8211; ProColor Collision\",\"isPartOf\":{\"@id\":\"https:\/\/www.procolor.com\/es-us\/#website\"},\"primaryImageOfPage\":{\"@id\":\"https:\/\/www.procolor.com\/es-us\/prensa\/fix-network-world-nombra-al-vicepresidente-de-ventas-para-estados-unidos\/#primaryimage\"},\"image\":{\"@id\":\"https:\/\/www.procolor.com\/es-us\/prensa\/fix-network-world-nombra-al-vicepresidente-de-ventas-para-estados-unidos\/#primaryimage\"},\"thumbnailUrl\":\"https:\/\/www.procolor.com\/wp-content\/uploads\/2021\/01\/Scott-Bridges-headshot.jpg\",\"datePublished\":\"2020-12-15T20:09:00+00:00\",\"dateModified\":\"2021-06-09T04:57:19+00:00\",\"description\":\"El ex ejecutivo de Hertz, Scott Bridges, dirigir\u00e1 las estrategias de ventas y las relaciones con las compa\u00f1\u00edas de seguros para la red a nivel nacional.\",\"breadcrumb\":{\"@id\":\"https:\/\/www.procolor.com\/es-us\/prensa\/fix-network-world-nombra-al-vicepresidente-de-ventas-para-estados-unidos\/#breadcrumb\"},\"inLanguage\":\"es-US\",\"potentialAction\":[{\"@type\":\"ReadAction\",\"target\":[\"https:\/\/www.procolor.com\/es-us\/prensa\/fix-network-world-nombra-al-vicepresidente-de-ventas-para-estados-unidos\/\"]}]},{\"@type\":\"ImageObject\",\"inLanguage\":\"es-US\",\"@id\":\"https:\/\/www.procolor.com\/es-us\/prensa\/fix-network-world-nombra-al-vicepresidente-de-ventas-para-estados-unidos\/#primaryimage\",\"url\":\"https:\/\/www.procolor.com\/wp-content\/uploads\/2021\/01\/Scott-Bridges-headshot.jpg\",\"contentUrl\":\"https:\/\/www.procolor.com\/wp-content\/uploads\/2021\/01\/Scott-Bridges-headshot.jpg\",\"width\":263,\"height\":317,\"caption\":\"Fix Network World nombra vicepresidente de ventas para Estados Unidos.\"},{\"@type\":\"BreadcrumbList\",\"@id\":\"https:\/\/www.procolor.com\/es-us\/prensa\/fix-network-world-nombra-al-vicepresidente-de-ventas-para-estados-unidos\/#breadcrumb\",\"itemListElement\":[{\"@type\":\"ListItem\",\"position\":1,\"name\":\"Home\",\"item\":\"https:\/\/www.procolor.com\/es-us\/\"},{\"@type\":\"ListItem\",\"position\":2,\"name\":\"Fix Network World nombra al Vicepresidente de Ventas para Estados Unidos\"}]},{\"@type\":\"WebSite\",\"@id\":\"https:\/\/www.procolor.com\/es-us\/#website\",\"url\":\"https:\/\/www.procolor.com\/es-us\/\",\"name\":\"ProColor Collision\",\"description\":\"ProColor Collision is a network of body shops and collision repairers, supported by the power of a global automotive aftermarket network.\",\"publisher\":{\"@id\":\"https:\/\/www.procolor.com\/es-us\/#organization\"},\"potentialAction\":[{\"@type\":\"SearchAction\",\"target\":{\"@type\":\"EntryPoint\",\"urlTemplate\":\"https:\/\/www.procolor.com\/es-us\/?s={search_term_string}\"},\"query-input\":{\"@type\":\"PropertyValueSpecification\",\"valueRequired\":true,\"valueName\":\"search_term_string\"}}],\"inLanguage\":\"es-US\"},{\"@type\":\"Organization\",\"@id\":\"https:\/\/www.procolor.com\/es-us\/#organization\",\"name\":\"ProColor Collision USA LLC\",\"url\":\"https:\/\/www.procolor.com\/es-us\/\",\"logo\":{\"@type\":\"ImageObject\",\"inLanguage\":\"es-US\",\"@id\":\"https:\/\/www.procolor.com\/es-us\/#\/schema\/logo\/image\/\",\"url\":\"\/wp-content\/uploads\/2022\/09\/pc_us_header_logo_reg.png\",\"contentUrl\":\"\/wp-content\/uploads\/2022\/09\/pc_us_header_logo_reg.png\",\"width\":286,\"height\":79,\"caption\":\"ProColor Collision USA LLC\"},\"image\":{\"@id\":\"https:\/\/www.procolor.com\/es-us\/#\/schema\/logo\/image\/\"},\"sameAs\":[\"https:\/\/www.facebook.com\/ProColorCollisionUSA\/\",\"https:\/\/x.com\/ProColorC\",\"https:\/\/www.linkedin.com\/company\/procolor-collision\/\"]},{\"@type\":\"Person\",\"@id\":\"https:\/\/www.procolor.com\/es-us\/#\/schema\/person\/92521f7df1fdb712bb7fb59dfeb99838\",\"name\":\"ProColor Collision\",\"image\":{\"@type\":\"ImageObject\",\"inLanguage\":\"es-US\",\"@id\":\"https:\/\/www.procolor.com\/es-us\/#\/schema\/person\/image\/\",\"url\":\"https:\/\/www.procolor.com\/wp-content\/uploads\/2021\/02\/ProColor-150x150.jpg\",\"contentUrl\":\"https:\/\/www.procolor.com\/wp-content\/uploads\/2021\/02\/ProColor-150x150.jpg\",\"caption\":\"ProColor Collision\"},\"description\":\"Author Profile ProColor Collision\u2019s mission is to be a collision repair leader in the United States by offering an outstanding customer experience in state-of-the-art facilities. ProColor was launched in 2001 in Quebec, Canada and has a reputation for quality and consistency in collision repair. It offers independent body shops in the US an opportunity to join one of the largest automotive aftermarket services networks globally. ProColor Collision franchises are not currently being offered for locations in Hawaii, Indiana, Maryland, Michigan, Minnesota, New York, North Dakota, Rhode Island, South Dakota, Virginia, Washington, or Wisconsin, or to residents of these states.\",\"sameAs\":[\"https:\/\/www.procolor.com\"]}]}<\/script>\n<!-- \/ Yoast SEO plugin. -->","yoast_head_json":{"title":"Fix Network World nombra al Vicepresidente de Ventas para Estados Unidos &#8211; ProColor Collision","description":"El ex ejecutivo de Hertz, Scott Bridges, dirigir\u00e1 las estrategias de ventas y las relaciones con las compa\u00f1\u00edas de seguros para la red a nivel nacional.","robots":{"index":"index","follow":"follow","max-snippet":"max-snippet:-1","max-image-preview":"max-image-preview:large","max-video-preview":"max-video-preview:-1"},"canonical":"https:\/\/www.procolor.com\/es-us\/prensa\/fix-network-world-nombra-al-vicepresidente-de-ventas-para-estados-unidos\/","og_locale":"es_ES","og_type":"article","og_title":"Fix Network World nombra al Vicepresidente de Ventas para Estados Unidos &#8211; ProColor Collision","og_description":"El ex ejecutivo de Hertz, Scott Bridges, dirigir\u00e1 las estrategias de ventas y las relaciones con las compa\u00f1\u00edas de seguros para la red a nivel nacional.","og_url":"https:\/\/www.procolor.com\/es-us\/prensa\/fix-network-world-nombra-al-vicepresidente-de-ventas-para-estados-unidos\/","og_site_name":"ProColor Collision","article_publisher":"https:\/\/www.facebook.com\/ProColorCollisionUSA\/","article_published_time":"2020-12-15T20:09:00+00:00","article_modified_time":"2021-06-09T04:57:19+00:00","og_image":[{"width":263,"height":317,"url":"https:\/\/www.procolor.com\/wp-content\/uploads\/2021\/01\/Scott-Bridges-headshot.jpg","type":"image\/jpeg"}],"author":"ProColor Collision","twitter_card":"summary_large_image","twitter_creator":"@ProColorC","twitter_site":"@ProColorC","twitter_misc":{"Written by":"ProColor Collision","Est. reading time":"3 minutes"},"schema":{"@context":"https:\/\/schema.org","@graph":[{"@type":"Article","@id":"https:\/\/www.procolor.com\/es-us\/prensa\/fix-network-world-nombra-al-vicepresidente-de-ventas-para-estados-unidos\/#article","isPartOf":{"@id":"https:\/\/www.procolor.com\/es-us\/prensa\/fix-network-world-nombra-al-vicepresidente-de-ventas-para-estados-unidos\/"},"author":{"name":"ProColor Collision","@id":"https:\/\/www.procolor.com\/es-us\/#\/schema\/person\/92521f7df1fdb712bb7fb59dfeb99838"},"headline":"Fix Network World nombra al Vicepresidente de Ventas para Estados Unidos","datePublished":"2020-12-15T20:09:00+00:00","dateModified":"2021-06-09T04:57:19+00:00","mainEntityOfPage":{"@id":"https:\/\/www.procolor.com\/es-us\/prensa\/fix-network-world-nombra-al-vicepresidente-de-ventas-para-estados-unidos\/"},"wordCount":615,"publisher":{"@id":"https:\/\/www.procolor.com\/es-us\/#organization"},"image":{"@id":"https:\/\/www.procolor.com\/es-us\/prensa\/fix-network-world-nombra-al-vicepresidente-de-ventas-para-estados-unidos\/#primaryimage"},"thumbnailUrl":"https:\/\/www.procolor.com\/wp-content\/uploads\/2021\/01\/Scott-Bridges-headshot.jpg","articleSection":["Comunicados de prensa"],"inLanguage":"es-US"},{"@type":"WebPage","@id":"https:\/\/www.procolor.com\/es-us\/prensa\/fix-network-world-nombra-al-vicepresidente-de-ventas-para-estados-unidos\/","url":"https:\/\/www.procolor.com\/es-us\/prensa\/fix-network-world-nombra-al-vicepresidente-de-ventas-para-estados-unidos\/","name":"Fix Network World nombra al Vicepresidente de Ventas para Estados Unidos &#8211; ProColor Collision","isPartOf":{"@id":"https:\/\/www.procolor.com\/es-us\/#website"},"primaryImageOfPage":{"@id":"https:\/\/www.procolor.com\/es-us\/prensa\/fix-network-world-nombra-al-vicepresidente-de-ventas-para-estados-unidos\/#primaryimage"},"image":{"@id":"https:\/\/www.procolor.com\/es-us\/prensa\/fix-network-world-nombra-al-vicepresidente-de-ventas-para-estados-unidos\/#primaryimage"},"thumbnailUrl":"https:\/\/www.procolor.com\/wp-content\/uploads\/2021\/01\/Scott-Bridges-headshot.jpg","datePublished":"2020-12-15T20:09:00+00:00","dateModified":"2021-06-09T04:57:19+00:00","description":"El ex ejecutivo de Hertz, Scott Bridges, dirigir\u00e1 las estrategias de ventas y las relaciones con las compa\u00f1\u00edas de seguros para la red a nivel nacional.","breadcrumb":{"@id":"https:\/\/www.procolor.com\/es-us\/prensa\/fix-network-world-nombra-al-vicepresidente-de-ventas-para-estados-unidos\/#breadcrumb"},"inLanguage":"es-US","potentialAction":[{"@type":"ReadAction","target":["https:\/\/www.procolor.com\/es-us\/prensa\/fix-network-world-nombra-al-vicepresidente-de-ventas-para-estados-unidos\/"]}]},{"@type":"ImageObject","inLanguage":"es-US","@id":"https:\/\/www.procolor.com\/es-us\/prensa\/fix-network-world-nombra-al-vicepresidente-de-ventas-para-estados-unidos\/#primaryimage","url":"https:\/\/www.procolor.com\/wp-content\/uploads\/2021\/01\/Scott-Bridges-headshot.jpg","contentUrl":"https:\/\/www.procolor.com\/wp-content\/uploads\/2021\/01\/Scott-Bridges-headshot.jpg","width":263,"height":317,"caption":"Fix Network World nombra vicepresidente de ventas para Estados Unidos."},{"@type":"BreadcrumbList","@id":"https:\/\/www.procolor.com\/es-us\/prensa\/fix-network-world-nombra-al-vicepresidente-de-ventas-para-estados-unidos\/#breadcrumb","itemListElement":[{"@type":"ListItem","position":1,"name":"Home","item":"https:\/\/www.procolor.com\/es-us\/"},{"@type":"ListItem","position":2,"name":"Fix Network World nombra al Vicepresidente de Ventas para Estados Unidos"}]},{"@type":"WebSite","@id":"https:\/\/www.procolor.com\/es-us\/#website","url":"https:\/\/www.procolor.com\/es-us\/","name":"ProColor Collision","description":"ProColor Collision is a network of body shops and collision repairers, supported by the power of a global automotive aftermarket network.","publisher":{"@id":"https:\/\/www.procolor.com\/es-us\/#organization"},"potentialAction":[{"@type":"SearchAction","target":{"@type":"EntryPoint","urlTemplate":"https:\/\/www.procolor.com\/es-us\/?s={search_term_string}"},"query-input":{"@type":"PropertyValueSpecification","valueRequired":true,"valueName":"search_term_string"}}],"inLanguage":"es-US"},{"@type":"Organization","@id":"https:\/\/www.procolor.com\/es-us\/#organization","name":"ProColor Collision USA LLC","url":"https:\/\/www.procolor.com\/es-us\/","logo":{"@type":"ImageObject","inLanguage":"es-US","@id":"https:\/\/www.procolor.com\/es-us\/#\/schema\/logo\/image\/","url":"\/wp-content\/uploads\/2022\/09\/pc_us_header_logo_reg.png","contentUrl":"\/wp-content\/uploads\/2022\/09\/pc_us_header_logo_reg.png","width":286,"height":79,"caption":"ProColor Collision USA LLC"},"image":{"@id":"https:\/\/www.procolor.com\/es-us\/#\/schema\/logo\/image\/"},"sameAs":["https:\/\/www.facebook.com\/ProColorCollisionUSA\/","https:\/\/x.com\/ProColorC","https:\/\/www.linkedin.com\/company\/procolor-collision\/"]},{"@type":"Person","@id":"https:\/\/www.procolor.com\/es-us\/#\/schema\/person\/92521f7df1fdb712bb7fb59dfeb99838","name":"ProColor Collision","image":{"@type":"ImageObject","inLanguage":"es-US","@id":"https:\/\/www.procolor.com\/es-us\/#\/schema\/person\/image\/","url":"https:\/\/www.procolor.com\/wp-content\/uploads\/2021\/02\/ProColor-150x150.jpg","contentUrl":"https:\/\/www.procolor.com\/wp-content\/uploads\/2021\/02\/ProColor-150x150.jpg","caption":"ProColor Collision"},"description":"Author Profile ProColor Collision\u2019s mission is to be a collision repair leader in the United States by offering an outstanding customer experience in state-of-the-art facilities. ProColor was launched in 2001 in Quebec, Canada and has a reputation for quality and consistency in collision repair. It offers independent body shops in the US an opportunity to join one of the largest automotive aftermarket services networks globally. ProColor Collision franchises are not currently being offered for locations in Hawaii, Indiana, Maryland, Michigan, Minnesota, New York, North Dakota, Rhode Island, South Dakota, Virginia, Washington, or Wisconsin, or to residents of these states.","sameAs":["https:\/\/www.procolor.com"]}]}},"_links":{"self":[{"href":"https:\/\/www.procolor.com\/es-us\/wp-json\/wp\/v2\/posts\/10241","targetHints":{"allow":["GET"]}}],"collection":[{"href":"https:\/\/www.procolor.com\/es-us\/wp-json\/wp\/v2\/posts"}],"about":[{"href":"https:\/\/www.procolor.com\/es-us\/wp-json\/wp\/v2\/types\/post"}],"author":[{"embeddable":true,"href":"https:\/\/www.procolor.com\/es-us\/wp-json\/wp\/v2\/users\/12"}],"replies":[{"embeddable":true,"href":"https:\/\/www.procolor.com\/es-us\/wp-json\/wp\/v2\/comments?post=10241"}],"version-history":[{"count":22,"href":"https:\/\/www.procolor.com\/es-us\/wp-json\/wp\/v2\/posts\/10241\/revisions"}],"predecessor-version":[{"id":11088,"href":"https:\/\/www.procolor.com\/es-us\/wp-json\/wp\/v2\/posts\/10241\/revisions\/11088"}],"wp:featuredmedia":[{"embeddable":true,"href":"https:\/\/www.procolor.com\/es-us\/wp-json\/wp\/v2\/media\/10242"}],"wp:attachment":[{"href":"https:\/\/www.procolor.com\/es-us\/wp-json\/wp\/v2\/media?parent=10241"}],"wp:term":[{"taxonomy":"category","embeddable":true,"href":"https:\/\/www.procolor.com\/es-us\/wp-json\/wp\/v2\/categories?post=10241"},{"taxonomy":"post_tag","embeddable":true,"href":"https:\/\/www.procolor.com\/es-us\/wp-json\/wp\/v2\/tags?post=10241"}],"curies":[{"name":"wp","href":"https:\/\/api.w.org\/{rel}","templated":true}]}}